
			
				

					
				

			
		{"items":"\n\t\t\t\t\t\t\t\t\t\t\t\n<article id=\"post-6465\" class=\"wd-post blog-design-meta-image blog-post-loop blog-style-bg wd-col post-6465 post type-post status-publish format-standard has-post-thumbnail hentry category-blog\">\n\t\t\t<div class=\"wd-post-inner\">\n\t\n\t<div class=\"wd-post-thumb color-scheme-light\">\n\t\t\t\t\t<div class=\"wd-post-img\">\n\t\t\t\t<img width=\"1120\" height=\"400\" src=\"https:\/\/primer-sajta.in.rs\/wp-content\/uploads\/2025\/04\/Stiropor_lajsne_glavna.webp\" class=\"attachment- size-\" alt=\"Stiropor lajsne glavna\" decoding=\"async\" fetchpriority=\"high\" srcset=\"https:\/\/primer-sajta.in.rs\/wp-content\/uploads\/2025\/04\/Stiropor_lajsne_glavna.webp 1120w, https:\/\/primer-sajta.in.rs\/wp-content\/uploads\/2025\/04\/Stiropor_lajsne_glavna-150x54.webp 150w, https:\/\/primer-sajta.in.rs\/wp-content\/uploads\/2025\/04\/Stiropor_lajsne_glavna-300x107.webp 300w, https:\/\/primer-sajta.in.rs\/wp-content\/uploads\/2025\/04\/Stiropor_lajsne_glavna-1024x366.webp 1024w, https:\/\/primer-sajta.in.rs\/wp-content\/uploads\/2025\/04\/Stiropor_lajsne_glavna-768x274.webp 768w\" sizes=\"(max-width: 1120px) 100vw, 1120px\" \/>\t\t\t<\/div>\n\t\t\n\t\t\t\t<a class=\"wd-post-link wd-fill\" tabindex=\"-1\" href=\"https:\/\/primer-sajta.in.rs\/stiropor-lajsne\/\" rel=\"bookmark\" aria-label=\"Link on post Stiropor lajsne\"><\/a>\n\n\t\t\t<\/div>\n\n\t<div class=\"wd-post-content\">\n\t\t<div class=\"wd-post-meta wd-post-entry-meta\">\n\t\t\t\n\t\t\t\n\t\t\t\t\t\t\t<div class=\"wd-post-date wd-style-default\">\n\t\t\t\t\t<time class=\"published\" datetime=\"2023-07-28T14:57:43+00:00\">\n\t\t\t\t\t\t28 jul 2023\t\t\t\t\t<\/time>\n\t\t\t\t<\/div>\n\n\t\t\t\t<div class=\"wd-modified-date\">\n\t\t\t\t\t\t\t<time class=\"updated\" datetime=\"2025-04-02T14:57:59+00:00\">\n\t\t\tapril 2, 2025\t\t<\/time>\n\t\t\t\t\t\t<\/div>\n\t\t\t\t\t<\/div>\n\n\t\t\t\t\t<h3 class=\"wd-post-title wd-entities-title title post-title\">\n\t\t\t\t<a href=\"https:\/\/primer-sajta.in.rs\/stiropor-lajsne\/\" rel=\"bookmark\">\n\t\t\t\t\tStiropor lajsne\t\t\t\t<\/a>\n\t\t\t<\/h3>\n\t\t\n\t\t\t\t\t<div class=\"wd-post-excerpt\">\n\t\t\t\t\t\t\t\t\tUkoliko \u017eelite elegantnu dekoraciju va\u0161eg enterijera, stiropor lajsne su idealno i ekonomi\u010dno re\u0161enj...\t\t\t\t\t\t\t<\/div>\n\t\t\n\t\t\t\t\t\t\t\t\t\t<div class=\"wd-post-read-more wd-style-link read-more-section\">\n\t\t\t\t\t\t<a class=\"\" href=\"https:\/\/primer-sajta.in.rs\/stiropor-lajsne\/\">Continue reading<\/a>\t\t\t\t\t<\/div>\n\t\t\t\t\t\t\t<\/div>\n\n\t\t\t<\/div>\n\t<\/article>\n\t\t\t\t\t\t\t\t\t\t\t\n<article id=\"post-6478\" class=\"wd-post blog-design-meta-image blog-post-loop blog-style-bg wd-col post-6478 post type-post status-publish format-standard has-post-thumbnail hentry category-blog\">\n\t\t\t<div class=\"wd-post-inner\">\n\t\n\t<div class=\"wd-post-thumb color-scheme-light\">\n\t\t\t\t\t<div class=\"wd-post-img\">\n\t\t\t\t<img width=\"1120\" height=\"400\" src=\"https:\/\/primer-sajta.in.rs\/wp-content\/uploads\/2025\/04\/Dekorativni_kamen_od_stiropora_blog.webp\" class=\"attachment- size-\" alt=\"Dekorativni kamen od stiropora blog\" decoding=\"async\" srcset=\"https:\/\/primer-sajta.in.rs\/wp-content\/uploads\/2025\/04\/Dekorativni_kamen_od_stiropora_blog.webp 1120w, https:\/\/primer-sajta.in.rs\/wp-content\/uploads\/2025\/04\/Dekorativni_kamen_od_stiropora_blog-150x54.webp 150w, https:\/\/primer-sajta.in.rs\/wp-content\/uploads\/2025\/04\/Dekorativni_kamen_od_stiropora_blog-300x107.webp 300w, https:\/\/primer-sajta.in.rs\/wp-content\/uploads\/2025\/04\/Dekorativni_kamen_od_stiropora_blog-1024x366.webp 1024w, https:\/\/primer-sajta.in.rs\/wp-content\/uploads\/2025\/04\/Dekorativni_kamen_od_stiropora_blog-768x274.webp 768w\" sizes=\"(max-width: 1120px) 100vw, 1120px\" \/>\t\t\t<\/div>\n\t\t\n\t\t\t\t<a class=\"wd-post-link wd-fill\" tabindex=\"-1\" href=\"https:\/\/primer-sajta.in.rs\/dekorativni-kamen-od-stiropora\/\" rel=\"bookmark\" aria-label=\"Link on post Dekorativni kamen od stiropora\"><\/a>\n\n\t\t\t<\/div>\n\n\t<div class=\"wd-post-content\">\n\t\t<div class=\"wd-post-meta wd-post-entry-meta\">\n\t\t\t\n\t\t\t\n\t\t\t\t\t\t\t<div class=\"wd-post-date wd-style-default\">\n\t\t\t\t\t<time class=\"published\" datetime=\"2023-07-08T15:00:21+00:00\">\n\t\t\t\t\t\t08 jul 2023\t\t\t\t\t<\/time>\n\t\t\t\t<\/div>\n\n\t\t\t\t<div class=\"wd-modified-date\">\n\t\t\t\t\t\t\t<time class=\"updated\" datetime=\"2025-04-02T15:00:37+00:00\">\n\t\t\tapril 2, 2025\t\t<\/time>\n\t\t\t\t\t\t<\/div>\n\t\t\t\t\t<\/div>\n\n\t\t\t\t\t<h3 class=\"wd-post-title wd-entities-title title post-title\">\n\t\t\t\t<a href=\"https:\/\/primer-sajta.in.rs\/dekorativni-kamen-od-stiropora\/\" rel=\"bookmark\">\n\t\t\t\t\tDekorativni kamen od stiropora\t\t\t\t<\/a>\n\t\t\t<\/h3>\n\t\t\n\t\t\t\t\t<div class=\"wd-post-excerpt\">\n\t\t\t\t\t\t\t\t\tKada je u pitanju ure\u0111enje na\u0161ih domova ili kancelarija, svako od nas uvek nastoji da svoj prostor o...\t\t\t\t\t\t\t<\/div>\n\t\t\n\t\t\t\t\t\t\t\t\t\t<div class=\"wd-post-read-more wd-style-link read-more-section\">\n\t\t\t\t\t\t<a class=\"\" href=\"https:\/\/primer-sajta.in.rs\/dekorativni-kamen-od-stiropora\/\">Continue reading<\/a>\t\t\t\t\t<\/div>\n\t\t\t\t\t\t\t<\/div>\n\n\t\t\t<\/div>\n\t<\/article>\n\t\t\t\t\t\t\t\t\t\t\t\n<article id=\"post-6484\" class=\"wd-post blog-design-meta-image blog-post-loop blog-style-bg wd-col post-6484 post type-post status-publish format-standard has-post-thumbnail hentry category-blog\">\n\t\t\t<div class=\"wd-post-inner\">\n\t\n\t<div class=\"wd-post-thumb color-scheme-light\">\n\t\t\t\t\t<div class=\"wd-post-img\">\n\t\t\t\t<img width=\"2240\" height=\"800\" src=\"https:\/\/primer-sajta.in.rs\/wp-content\/uploads\/2025\/04\/3D-paneli-1.webp\" class=\"attachment- size-\" alt=\"3d paneli\" decoding=\"async\" srcset=\"https:\/\/primer-sajta.in.rs\/wp-content\/uploads\/2025\/04\/3D-paneli-1.webp 2240w, https:\/\/primer-sajta.in.rs\/wp-content\/uploads\/2025\/04\/3D-paneli-1-150x54.webp 150w, https:\/\/primer-sajta.in.rs\/wp-content\/uploads\/2025\/04\/3D-paneli-1-1200x429.webp 1200w, https:\/\/primer-sajta.in.rs\/wp-content\/uploads\/2025\/04\/3D-paneli-1-300x107.webp 300w, https:\/\/primer-sajta.in.rs\/wp-content\/uploads\/2025\/04\/3D-paneli-1-1024x366.webp 1024w, https:\/\/primer-sajta.in.rs\/wp-content\/uploads\/2025\/04\/3D-paneli-1-768x274.webp 768w, https:\/\/primer-sajta.in.rs\/wp-content\/uploads\/2025\/04\/3D-paneli-1-1536x549.webp 1536w, https:\/\/primer-sajta.in.rs\/wp-content\/uploads\/2025\/04\/3D-paneli-1-2048x731.webp 2048w\" sizes=\"(max-width: 2240px) 100vw, 2240px\" \/>\t\t\t<\/div>\n\t\t\n\t\t\t\t<a class=\"wd-post-link wd-fill\" tabindex=\"-1\" href=\"https:\/\/primer-sajta.in.rs\/3d-zidni-paneli-od-stiropora\/\" rel=\"bookmark\" aria-label=\"Link on post 3D zidni paneli od stiropora\"><\/a>\n\n\t\t\t<\/div>\n\n\t<div class=\"wd-post-content\">\n\t\t<div class=\"wd-post-meta wd-post-entry-meta\">\n\t\t\t\n\t\t\t\n\t\t\t\t\t\t\t<div class=\"wd-post-date wd-style-default\">\n\t\t\t\t\t<time class=\"published\" datetime=\"2023-06-26T10:16:34+00:00\">\n\t\t\t\t\t\t26 jun 2023\t\t\t\t\t<\/time>\n\t\t\t\t<\/div>\n\n\t\t\t\t<div class=\"wd-modified-date\">\n\t\t\t\t\t\t\t<time class=\"updated\" datetime=\"2025-04-03T10:16:59+00:00\">\n\t\t\tapril 3, 2025\t\t<\/time>\n\t\t\t\t\t\t<\/div>\n\t\t\t\t\t<\/div>\n\n\t\t\t\t\t<h3 class=\"wd-post-title wd-entities-title title post-title\">\n\t\t\t\t<a href=\"https:\/\/primer-sajta.in.rs\/3d-zidni-paneli-od-stiropora\/\" rel=\"bookmark\">\n\t\t\t\t\t3D zidni paneli od stiropora\t\t\t\t<\/a>\n\t\t\t<\/h3>\n\t\t\n\t\t\t\t\t<div class=\"wd-post-excerpt\">\n\t\t\t\t\t\t\t\t\t3D zidni paneli od stiropora - moderno re\u0161enje za oblaganje zidova\r\n\r\n\r\n\r\n3D zidni paneli od stiropo...\t\t\t\t\t\t\t<\/div>\n\t\t\n\t\t\t\t\t\t\t\t\t\t<div class=\"wd-post-read-more wd-style-link read-more-section\">\n\t\t\t\t\t\t<a class=\"\" href=\"https:\/\/primer-sajta.in.rs\/3d-zidni-paneli-od-stiropora\/\">Continue reading<\/a>\t\t\t\t\t<\/div>\n\t\t\t\t\t\t\t<\/div>\n\n\t\t\t<\/div>\n\t<\/article>\n\t\t\t\t\t\t\t\t\t\t\t\n<article id=\"post-6492\" class=\"wd-post blog-design-meta-image blog-post-loop blog-style-bg wd-col post-6492 post type-post status-publish format-standard has-post-thumbnail hentry category-blog\">\n\t\t\t<div class=\"wd-post-inner\">\n\t\n\t<div class=\"wd-post-thumb color-scheme-light\">\n\t\t\t\t\t<div class=\"wd-post-img\">\n\t\t\t\t<img width=\"2240\" height=\"800\" src=\"https:\/\/primer-sajta.in.rs\/wp-content\/uploads\/2025\/04\/Japanska_vuna_1.webp\" class=\"attachment- size-\" alt=\"Japanska vuna 1\" decoding=\"async\" loading=\"lazy\" srcset=\"https:\/\/primer-sajta.in.rs\/wp-content\/uploads\/2025\/04\/Japanska_vuna_1.webp 2240w, https:\/\/primer-sajta.in.rs\/wp-content\/uploads\/2025\/04\/Japanska_vuna_1-150x54.webp 150w, https:\/\/primer-sajta.in.rs\/wp-content\/uploads\/2025\/04\/Japanska_vuna_1-1200x429.webp 1200w, https:\/\/primer-sajta.in.rs\/wp-content\/uploads\/2025\/04\/Japanska_vuna_1-300x107.webp 300w, https:\/\/primer-sajta.in.rs\/wp-content\/uploads\/2025\/04\/Japanska_vuna_1-1024x366.webp 1024w, https:\/\/primer-sajta.in.rs\/wp-content\/uploads\/2025\/04\/Japanska_vuna_1-768x274.webp 768w, https:\/\/primer-sajta.in.rs\/wp-content\/uploads\/2025\/04\/Japanska_vuna_1-1536x549.webp 1536w, https:\/\/primer-sajta.in.rs\/wp-content\/uploads\/2025\/04\/Japanska_vuna_1-2048x731.webp 2048w\" sizes=\"auto, (max-width: 2240px) 100vw, 2240px\" \/>\t\t\t<\/div>\n\t\t\n\t\t\t\t<a class=\"wd-post-link wd-fill\" tabindex=\"-1\" href=\"https:\/\/primer-sajta.in.rs\/tecna-tekstilna-tapeta-japanska-vuna\/\" rel=\"bookmark\" aria-label=\"Link on post Te\u010dna tekstilna tapeta &#8211; Japanska vuna\"><\/a>\n\n\t\t\t<\/div>\n\n\t<div class=\"wd-post-content\">\n\t\t<div class=\"wd-post-meta wd-post-entry-meta\">\n\t\t\t\n\t\t\t\n\t\t\t\t\t\t\t<div class=\"wd-post-date wd-style-default\">\n\t\t\t\t\t<time class=\"published\" datetime=\"2023-06-07T10:20:49+00:00\">\n\t\t\t\t\t\t07 jun 2023\t\t\t\t\t<\/time>\n\t\t\t\t<\/div>\n\n\t\t\t\t<div class=\"wd-modified-date\">\n\t\t\t\t\t\t\t<time class=\"updated\" datetime=\"2025-04-03T10:21:07+00:00\">\n\t\t\tapril 3, 2025\t\t<\/time>\n\t\t\t\t\t\t<\/div>\n\t\t\t\t\t<\/div>\n\n\t\t\t\t\t<h3 class=\"wd-post-title wd-entities-title title post-title\">\n\t\t\t\t<a href=\"https:\/\/primer-sajta.in.rs\/tecna-tekstilna-tapeta-japanska-vuna\/\" rel=\"bookmark\">\n\t\t\t\t\tTe\u010dna tekstilna tapeta &#8211; Japanska vuna\t\t\t\t<\/a>\n\t\t\t<\/h3>\n\t\t\n\t\t\t\t\t<div class=\"wd-post-excerpt\">\n\t\t\t\t\t\t\t\t\tTe\u010dna tekstilna tapeta, Japanska vuna, dekotex ili najlak\u0161e re\u010deno zidna dekoracija\r\n\r\n\r\n\r\n\u0160ta je te...\t\t\t\t\t\t\t<\/div>\n\t\t\n\t\t\t\t\t\t\t\t\t\t<div class=\"wd-post-read-more wd-style-link read-more-section\">\n\t\t\t\t\t\t<a class=\"\" href=\"https:\/\/primer-sajta.in.rs\/tecna-tekstilna-tapeta-japanska-vuna\/\">Continue reading<\/a>\t\t\t\t\t<\/div>\n\t\t\t\t\t\t\t<\/div>\n\n\t\t\t<\/div>\n\t<\/article>\n\t\t\t\t\t\t\t\t\t\t\t\n<article id=\"post-6500\" class=\"wd-post blog-design-meta-image blog-post-loop blog-style-bg wd-col post-6500 post type-post status-publish format-standard has-post-thumbnail hentry category-blog\">\n\t\t\t<div class=\"wd-post-inner\">\n\t\n\t<div class=\"wd-post-thumb color-scheme-light\">\n\t\t\t\t\t<div class=\"wd-post-img\">\n\t\t\t\t<img width=\"2240\" height=\"800\" src=\"https:\/\/primer-sajta.in.rs\/wp-content\/uploads\/2025\/04\/Stiropor_lajsne_Naslovna.webp\" class=\"attachment- size-\" alt=\"Stiropor lajsne naslovna\" decoding=\"async\" loading=\"lazy\" srcset=\"https:\/\/primer-sajta.in.rs\/wp-content\/uploads\/2025\/04\/Stiropor_lajsne_Naslovna.webp 2240w, https:\/\/primer-sajta.in.rs\/wp-content\/uploads\/2025\/04\/Stiropor_lajsne_Naslovna-150x54.webp 150w, https:\/\/primer-sajta.in.rs\/wp-content\/uploads\/2025\/04\/Stiropor_lajsne_Naslovna-1200x429.webp 1200w, https:\/\/primer-sajta.in.rs\/wp-content\/uploads\/2025\/04\/Stiropor_lajsne_Naslovna-300x107.webp 300w, https:\/\/primer-sajta.in.rs\/wp-content\/uploads\/2025\/04\/Stiropor_lajsne_Naslovna-1024x366.webp 1024w, https:\/\/primer-sajta.in.rs\/wp-content\/uploads\/2025\/04\/Stiropor_lajsne_Naslovna-768x274.webp 768w, https:\/\/primer-sajta.in.rs\/wp-content\/uploads\/2025\/04\/Stiropor_lajsne_Naslovna-1536x549.webp 1536w, https:\/\/primer-sajta.in.rs\/wp-content\/uploads\/2025\/04\/Stiropor_lajsne_Naslovna-2048x731.webp 2048w\" sizes=\"auto, (max-width: 2240px) 100vw, 2240px\" \/>\t\t\t<\/div>\n\t\t\n\t\t\t\t<a class=\"wd-post-link wd-fill\" tabindex=\"-1\" href=\"https:\/\/primer-sajta.in.rs\/stiropor-lajsne-saveti-za-ugradnju\/\" rel=\"bookmark\" aria-label=\"Link on post Stiropor lajsne &#8211; Saveti za ugradnju\"><\/a>\n\n\t\t\t<\/div>\n\n\t<div class=\"wd-post-content\">\n\t\t<div class=\"wd-post-meta wd-post-entry-meta\">\n\t\t\t\n\t\t\t\n\t\t\t\t\t\t\t<div class=\"wd-post-date wd-style-default\">\n\t\t\t\t\t<time class=\"published\" datetime=\"2023-05-13T10:25:20+00:00\">\n\t\t\t\t\t\t13 maj 2023\t\t\t\t\t<\/time>\n\t\t\t\t<\/div>\n\n\t\t\t\t<div class=\"wd-modified-date\">\n\t\t\t\t\t\t\t<time class=\"updated\" datetime=\"2025-04-03T10:30:55+00:00\">\n\t\t\tapril 3, 2025\t\t<\/time>\n\t\t\t\t\t\t<\/div>\n\t\t\t\t\t<\/div>\n\n\t\t\t\t\t<h3 class=\"wd-post-title wd-entities-title title post-title\">\n\t\t\t\t<a href=\"https:\/\/primer-sajta.in.rs\/stiropor-lajsne-saveti-za-ugradnju\/\" rel=\"bookmark\">\n\t\t\t\t\tStiropor lajsne &#8211; Saveti za ugradnju\t\t\t\t<\/a>\n\t\t\t<\/h3>\n\t\t\n\t\t\t\t\t<div class=\"wd-post-excerpt\">\n\t\t\t\t\t\t\t\t\tElegantna dekoracija enterijera uz stiropor lajsne\r\n\r\n\r\n\r\nSaveti kako da pravilno ugradite i odr\u017eava...\t\t\t\t\t\t\t<\/div>\n\t\t\n\t\t\t\t\t\t\t\t\t\t<div class=\"wd-post-read-more wd-style-link read-more-section\">\n\t\t\t\t\t\t<a class=\"\" href=\"https:\/\/primer-sajta.in.rs\/stiropor-lajsne-saveti-za-ugradnju\/\">Continue reading<\/a>\t\t\t\t\t<\/div>\n\t\t\t\t\t\t\t<\/div>\n\n\t\t\t<\/div>\n\t<\/article>\n\t\t\t\t\t\t\t\t\t\t\t\n<article id=\"post-6510\" class=\"wd-post blog-design-meta-image blog-post-loop blog-style-bg wd-col post-6510 post type-post status-publish format-standard has-post-thumbnail hentry category-blog\">\n\t\t\t<div class=\"wd-post-inner\">\n\t\n\t<div class=\"wd-post-thumb color-scheme-light\">\n\t\t\t\t\t<div class=\"wd-post-img\">\n\t\t\t\t<img width=\"2240\" height=\"800\" src=\"https:\/\/primer-sajta.in.rs\/wp-content\/uploads\/2025\/04\/Woodline.webp\" class=\"attachment- size-\" alt=\"Woodline\" decoding=\"async\" loading=\"lazy\" srcset=\"https:\/\/primer-sajta.in.rs\/wp-content\/uploads\/2025\/04\/Woodline.webp 2240w, https:\/\/primer-sajta.in.rs\/wp-content\/uploads\/2025\/04\/Woodline-150x54.webp 150w, https:\/\/primer-sajta.in.rs\/wp-content\/uploads\/2025\/04\/Woodline-1200x429.webp 1200w, https:\/\/primer-sajta.in.rs\/wp-content\/uploads\/2025\/04\/Woodline-300x107.webp 300w, https:\/\/primer-sajta.in.rs\/wp-content\/uploads\/2025\/04\/Woodline-1024x366.webp 1024w, https:\/\/primer-sajta.in.rs\/wp-content\/uploads\/2025\/04\/Woodline-768x274.webp 768w, https:\/\/primer-sajta.in.rs\/wp-content\/uploads\/2025\/04\/Woodline-1536x549.webp 1536w, https:\/\/primer-sajta.in.rs\/wp-content\/uploads\/2025\/04\/Woodline-2048x731.webp 2048w\" sizes=\"auto, (max-width: 2240px) 100vw, 2240px\" \/>\t\t\t<\/div>\n\t\t\n\t\t\t\t<a class=\"wd-post-link wd-fill\" tabindex=\"-1\" href=\"https:\/\/primer-sajta.in.rs\/woodline-zidni-paneli-od-letvica\/\" rel=\"bookmark\" aria-label=\"Link on post Woodline zidni paneli od letvica\"><\/a>\n\n\t\t\t<\/div>\n\n\t<div class=\"wd-post-content\">\n\t\t<div class=\"wd-post-meta wd-post-entry-meta\">\n\t\t\t\n\t\t\t\n\t\t\t\t\t\t\t<div class=\"wd-post-date wd-style-default\">\n\t\t\t\t\t<time class=\"published\" datetime=\"2023-03-18T10:34:31+00:00\">\n\t\t\t\t\t\t18 mar 2023\t\t\t\t\t<\/time>\n\t\t\t\t<\/div>\n\n\t\t\t\t<div class=\"wd-modified-date\">\n\t\t\t\t\t\t\t<time class=\"updated\" datetime=\"2025-04-03T10:34:55+00:00\">\n\t\t\tapril 3, 2025\t\t<\/time>\n\t\t\t\t\t\t<\/div>\n\t\t\t\t\t<\/div>\n\n\t\t\t\t\t<h3 class=\"wd-post-title wd-entities-title title post-title\">\n\t\t\t\t<a href=\"https:\/\/primer-sajta.in.rs\/woodline-zidni-paneli-od-letvica\/\" rel=\"bookmark\">\n\t\t\t\t\tWoodline zidni paneli od letvica\t\t\t\t<\/a>\n\t\t\t<\/h3>\n\t\t\n\t\t\t\t\t<div class=\"wd-post-excerpt\">\n\t\t\t\t\t\t\t\t\tWoodline zidni paneli: vrhunske dekorativne letvice za zid kao vi\u0161enamensko re\u0161enje\r\n\r\n\r\n\r\nWoodline ...\t\t\t\t\t\t\t<\/div>\n\t\t\n\t\t\t\t\t\t\t\t\t\t<div class=\"wd-post-read-more wd-style-link read-more-section\">\n\t\t\t\t\t\t<a class=\"\" href=\"https:\/\/primer-sajta.in.rs\/woodline-zidni-paneli-od-letvica\/\">Continue reading<\/a>\t\t\t\t\t<\/div>\n\t\t\t\t\t\t\t<\/div>\n\n\t\t\t<\/div>\n\t<\/article>\n\t\t\t\t\t\t\t\t\t\t\t\n<article id=\"post-6516\" class=\"wd-post blog-design-meta-image blog-post-loop blog-style-bg wd-col post-6516 post type-post status-publish format-standard has-post-thumbnail hentry category-blog\">\n\t\t\t<div class=\"wd-post-inner\">\n\t\n\t<div class=\"wd-post-thumb color-scheme-light\">\n\t\t\t\t\t<div class=\"wd-post-img\">\n\t\t\t\t<img width=\"1600\" height=\"571\" src=\"https:\/\/primer-sajta.in.rs\/wp-content\/uploads\/2025\/04\/Grede_od_stiropora.webp\" class=\"attachment- size-\" alt=\"Grede od stiropora\" decoding=\"async\" loading=\"lazy\" srcset=\"https:\/\/primer-sajta.in.rs\/wp-content\/uploads\/2025\/04\/Grede_od_stiropora.webp 1600w, https:\/\/primer-sajta.in.rs\/wp-content\/uploads\/2025\/04\/Grede_od_stiropora-150x54.webp 150w, https:\/\/primer-sajta.in.rs\/wp-content\/uploads\/2025\/04\/Grede_od_stiropora-1200x428.webp 1200w, https:\/\/primer-sajta.in.rs\/wp-content\/uploads\/2025\/04\/Grede_od_stiropora-300x107.webp 300w, https:\/\/primer-sajta.in.rs\/wp-content\/uploads\/2025\/04\/Grede_od_stiropora-1024x365.webp 1024w, https:\/\/primer-sajta.in.rs\/wp-content\/uploads\/2025\/04\/Grede_od_stiropora-768x274.webp 768w, https:\/\/primer-sajta.in.rs\/wp-content\/uploads\/2025\/04\/Grede_od_stiropora-1536x548.webp 1536w\" sizes=\"auto, (max-width: 1600px) 100vw, 1600px\" \/>\t\t\t<\/div>\n\t\t\n\t\t\t\t<a class=\"wd-post-link wd-fill\" tabindex=\"-1\" href=\"https:\/\/primer-sajta.in.rs\/imitacija-drvene-grede-od-stiropora-i-poliuretana\/\" rel=\"bookmark\" aria-label=\"Link on post Imitacija drvene grede od stiropora i poliuretana\"><\/a>\n\n\t\t\t<\/div>\n\n\t<div class=\"wd-post-content\">\n\t\t<div class=\"wd-post-meta wd-post-entry-meta\">\n\t\t\t\n\t\t\t\n\t\t\t\t\t\t\t<div class=\"wd-post-date wd-style-default\">\n\t\t\t\t\t<time class=\"published\" datetime=\"2022-12-21T10:37:36+00:00\">\n\t\t\t\t\t\t21 dec 2022\t\t\t\t\t<\/time>\n\t\t\t\t<\/div>\n\n\t\t\t\t<div class=\"wd-modified-date\">\n\t\t\t\t\t\t\t<time class=\"updated\" datetime=\"2025-04-03T10:39:01+00:00\">\n\t\t\tapril 3, 2025\t\t<\/time>\n\t\t\t\t\t\t<\/div>\n\t\t\t\t\t<\/div>\n\n\t\t\t\t\t<h3 class=\"wd-post-title wd-entities-title title post-title\">\n\t\t\t\t<a href=\"https:\/\/primer-sajta.in.rs\/imitacija-drvene-grede-od-stiropora-i-poliuretana\/\" rel=\"bookmark\">\n\t\t\t\t\tImitacija drvene grede od stiropora i poliuretana\t\t\t\t<\/a>\n\t\t\t<\/h3>\n\t\t\n\t\t\t\t\t<div class=\"wd-post-excerpt\">\n\t\t\t\t\t\t\t\t\tDrvene grede ili grede od stiropora i poliuretana, u \u010demu je razlika?\r\n\r\n\r\n\r\nDrvene grede ili grede ...\t\t\t\t\t\t\t<\/div>\n\t\t\n\t\t\t\t\t\t\t\t\t\t<div class=\"wd-post-read-more wd-style-link read-more-section\">\n\t\t\t\t\t\t<a class=\"\" href=\"https:\/\/primer-sajta.in.rs\/imitacija-drvene-grede-od-stiropora-i-poliuretana\/\">Continue reading<\/a>\t\t\t\t\t<\/div>\n\t\t\t\t\t\t\t<\/div>\n\n\t\t\t<\/div>\n\t<\/article>\n\t\t\t\t\t\t\t\t\t\t\t\n<article id=\"post-6524\" class=\"wd-post blog-design-meta-image blog-post-loop blog-style-bg wd-col post-6524 post type-post status-publish format-standard has-post-thumbnail hentry category-blog\">\n\t\t\t<div class=\"wd-post-inner\">\n\t\n\t<div class=\"wd-post-thumb color-scheme-light\">\n\t\t\t\t\t<div class=\"wd-post-img\">\n\t\t\t\t<img width=\"2240\" height=\"800\" src=\"https:\/\/primer-sajta.in.rs\/wp-content\/uploads\/2025\/04\/Skrivac-svetla-baner.jpg\" class=\"attachment- size-\" alt=\"Skriva\u010d svetla baner\" decoding=\"async\" loading=\"lazy\" srcset=\"https:\/\/primer-sajta.in.rs\/wp-content\/uploads\/2025\/04\/Skrivac-svetla-baner.jpg 2240w, https:\/\/primer-sajta.in.rs\/wp-content\/uploads\/2025\/04\/Skrivac-svetla-baner-150x54.jpg 150w, https:\/\/primer-sajta.in.rs\/wp-content\/uploads\/2025\/04\/Skrivac-svetla-baner-1200x429.jpg 1200w, https:\/\/primer-sajta.in.rs\/wp-content\/uploads\/2025\/04\/Skrivac-svetla-baner-300x107.jpg 300w, https:\/\/primer-sajta.in.rs\/wp-content\/uploads\/2025\/04\/Skrivac-svetla-baner-1024x366.jpg 1024w, https:\/\/primer-sajta.in.rs\/wp-content\/uploads\/2025\/04\/Skrivac-svetla-baner-768x274.jpg 768w, https:\/\/primer-sajta.in.rs\/wp-content\/uploads\/2025\/04\/Skrivac-svetla-baner-1536x549.jpg 1536w, https:\/\/primer-sajta.in.rs\/wp-content\/uploads\/2025\/04\/Skrivac-svetla-baner-2048x731.jpg 2048w\" sizes=\"auto, (max-width: 2240px) 100vw, 2240px\" \/>\t\t\t<\/div>\n\t\t\n\t\t\t\t<a class=\"wd-post-link wd-fill\" tabindex=\"-1\" href=\"https:\/\/primer-sajta.in.rs\/skrivaci-svetla-funkcionalna-estetika-koju-ne-vidis\/\" rel=\"bookmark\" aria-label=\"Link on post Skriva\u010di svetla \u2013 funkcionalna estetika koju ne vidi\u0161\"><\/a>\n\n\t\t\t<\/div>\n\n\t<div class=\"wd-post-content\">\n\t\t<div class=\"wd-post-meta wd-post-entry-meta\">\n\t\t\t\n\t\t\t\n\t\t\t\t\t\t\t<div class=\"wd-post-date wd-style-default\">\n\t\t\t\t\t<time class=\"published\" datetime=\"2022-11-25T10:41:14+00:00\">\n\t\t\t\t\t\t25 nov 2022\t\t\t\t\t<\/time>\n\t\t\t\t<\/div>\n\n\t\t\t\t<div class=\"wd-modified-date\">\n\t\t\t\t\t\t\t<time class=\"updated\" datetime=\"2025-04-03T10:41:32+00:00\">\n\t\t\tapril 3, 2025\t\t<\/time>\n\t\t\t\t\t\t<\/div>\n\t\t\t\t\t<\/div>\n\n\t\t\t\t\t<h3 class=\"wd-post-title wd-entities-title title post-title\">\n\t\t\t\t<a href=\"https:\/\/primer-sajta.in.rs\/skrivaci-svetla-funkcionalna-estetika-koju-ne-vidis\/\" rel=\"bookmark\">\n\t\t\t\t\tSkriva\u010di svetla \u2013 funkcionalna estetika koju ne vidi\u0161\t\t\t\t<\/a>\n\t\t\t<\/h3>\n\t\t\n\t\t\t\t\t<div class=\"wd-post-excerpt\">\n\t\t\t\t\t\t\t\t\tKompanija Fili\u0107 proizvodi skriva\u010de svetla i profile za indirektnu i direktnu LED rasvetu od \u010dvrstog ...\t\t\t\t\t\t\t<\/div>\n\t\t\n\t\t\t\t\t\t\t\t\t\t<div class=\"wd-post-read-more wd-style-link read-more-section\">\n\t\t\t\t\t\t<a class=\"\" href=\"https:\/\/primer-sajta.in.rs\/skrivaci-svetla-funkcionalna-estetika-koju-ne-vidis\/\">Continue reading<\/a>\t\t\t\t\t<\/div>\n\t\t\t\t\t\t\t<\/div>\n\n\t\t\t<\/div>\n\t<\/article>\n\t\t\t\t\t\t\t\t\t\t\t\n<article id=\"post-6531\" class=\"wd-post blog-design-meta-image blog-post-loop blog-style-bg wd-col post-6531 post type-post status-publish format-standard has-post-thumbnail hentry category-blog\">\n\t\t\t<div class=\"wd-post-inner\">\n\t\n\t<div class=\"wd-post-thumb color-scheme-light\">\n\t\t\t\t\t<div class=\"wd-post-img\">\n\t\t\t\t<img width=\"2240\" height=\"800\" src=\"https:\/\/primer-sajta.in.rs\/wp-content\/uploads\/2025\/04\/Decoterm_paneli.webp\" class=\"attachment- size-\" alt=\"Decoterm paneli\" decoding=\"async\" loading=\"lazy\" srcset=\"https:\/\/primer-sajta.in.rs\/wp-content\/uploads\/2025\/04\/Decoterm_paneli.webp 2240w, https:\/\/primer-sajta.in.rs\/wp-content\/uploads\/2025\/04\/Decoterm_paneli-150x54.webp 150w, https:\/\/primer-sajta.in.rs\/wp-content\/uploads\/2025\/04\/Decoterm_paneli-1200x429.webp 1200w, https:\/\/primer-sajta.in.rs\/wp-content\/uploads\/2025\/04\/Decoterm_paneli-300x107.webp 300w, https:\/\/primer-sajta.in.rs\/wp-content\/uploads\/2025\/04\/Decoterm_paneli-1024x366.webp 1024w, https:\/\/primer-sajta.in.rs\/wp-content\/uploads\/2025\/04\/Decoterm_paneli-768x274.webp 768w, https:\/\/primer-sajta.in.rs\/wp-content\/uploads\/2025\/04\/Decoterm_paneli-1536x549.webp 1536w, https:\/\/primer-sajta.in.rs\/wp-content\/uploads\/2025\/04\/Decoterm_paneli-2048x731.webp 2048w\" sizes=\"auto, (max-width: 2240px) 100vw, 2240px\" \/>\t\t\t<\/div>\n\t\t\n\t\t\t\t<a class=\"wd-post-link wd-fill\" tabindex=\"-1\" href=\"https:\/\/primer-sajta.in.rs\/fasadni-paneli-decoterm-energetski-efikasne-fasade\/\" rel=\"bookmark\" aria-label=\"Link on post Fasadni paneli Decoterm &#8211; energetski efikasne fasade\"><\/a>\n\n\t\t\t<\/div>\n\n\t<div class=\"wd-post-content\">\n\t\t<div class=\"wd-post-meta wd-post-entry-meta\">\n\t\t\t\n\t\t\t\n\t\t\t\t\t\t\t<div class=\"wd-post-date wd-style-default\">\n\t\t\t\t\t<time class=\"published\" datetime=\"2022-11-12T10:43:19+00:00\">\n\t\t\t\t\t\t12 nov 2022\t\t\t\t\t<\/time>\n\t\t\t\t<\/div>\n\n\t\t\t\t<div class=\"wd-modified-date\">\n\t\t\t\t\t\t\t<time class=\"updated\" datetime=\"2025-04-03T10:43:37+00:00\">\n\t\t\tapril 3, 2025\t\t<\/time>\n\t\t\t\t\t\t<\/div>\n\t\t\t\t\t<\/div>\n\n\t\t\t\t\t<h3 class=\"wd-post-title wd-entities-title title post-title\">\n\t\t\t\t<a href=\"https:\/\/primer-sajta.in.rs\/fasadni-paneli-decoterm-energetski-efikasne-fasade\/\" rel=\"bookmark\">\n\t\t\t\t\tFasadni paneli Decoterm &#8211; energetski efikasne fasade\t\t\t\t<\/a>\n\t\t\t<\/h3>\n\t\t\n\t\t\t\t\t<div class=\"wd-post-excerpt\">\n\t\t\t\t\t\t\t\t\tDECOTERM fasadni paneli - patentirani sistem fasada koji spada u najvi\u0161u kategoriju energetski efika...\t\t\t\t\t\t\t<\/div>\n\t\t\n\t\t\t\t\t\t\t\t\t\t<div class=\"wd-post-read-more wd-style-link read-more-section\">\n\t\t\t\t\t\t<a class=\"\" href=\"https:\/\/primer-sajta.in.rs\/fasadni-paneli-decoterm-energetski-efikasne-fasade\/\">Continue reading<\/a>\t\t\t\t\t<\/div>\n\t\t\t\t\t\t\t<\/div>\n\n\t\t\t<\/div>\n\t<\/article>\n\t\t\t\t\t\t\t\t\t\t\t\n<article id=\"post-6536\" class=\"wd-post blog-design-meta-image blog-post-loop blog-style-bg wd-col post-6536 post type-post status-publish format-standard has-post-thumbnail hentry category-blog\">\n\t\t\t<div class=\"wd-post-inner\">\n\t\n\t<div class=\"wd-post-thumb color-scheme-light\">\n\t\t\t\t\t<div class=\"wd-post-img\">\n\t\t\t\t<img width=\"2240\" height=\"800\" src=\"https:\/\/primer-sajta.in.rs\/wp-content\/uploads\/2025\/04\/Poliuretanske_podne_lajsne.jpg\" class=\"attachment- size-\" alt=\"Poliuretanske podne lajsne\" decoding=\"async\" loading=\"lazy\" srcset=\"https:\/\/primer-sajta.in.rs\/wp-content\/uploads\/2025\/04\/Poliuretanske_podne_lajsne.jpg 2240w, https:\/\/primer-sajta.in.rs\/wp-content\/uploads\/2025\/04\/Poliuretanske_podne_lajsne-150x54.jpg 150w, https:\/\/primer-sajta.in.rs\/wp-content\/uploads\/2025\/04\/Poliuretanske_podne_lajsne-1200x429.jpg 1200w, https:\/\/primer-sajta.in.rs\/wp-content\/uploads\/2025\/04\/Poliuretanske_podne_lajsne-300x107.jpg 300w, https:\/\/primer-sajta.in.rs\/wp-content\/uploads\/2025\/04\/Poliuretanske_podne_lajsne-1024x366.jpg 1024w, https:\/\/primer-sajta.in.rs\/wp-content\/uploads\/2025\/04\/Poliuretanske_podne_lajsne-768x274.jpg 768w, https:\/\/primer-sajta.in.rs\/wp-content\/uploads\/2025\/04\/Poliuretanske_podne_lajsne-1536x549.jpg 1536w, https:\/\/primer-sajta.in.rs\/wp-content\/uploads\/2025\/04\/Poliuretanske_podne_lajsne-2048x731.jpg 2048w\" sizes=\"auto, (max-width: 2240px) 100vw, 2240px\" \/>\t\t\t<\/div>\n\t\t\n\t\t\t\t<a class=\"wd-post-link wd-fill\" tabindex=\"-1\" href=\"https:\/\/primer-sajta.in.rs\/poliuretanske-lajsne-za-podove-da-vasi-podovi-zasijaju\/\" rel=\"bookmark\" aria-label=\"Link on post Poliuretanske lajsne za podove, da va\u0161i podovi zasijaju!\"><\/a>\n\n\t\t\t<\/div>\n\n\t<div class=\"wd-post-content\">\n\t\t<div class=\"wd-post-meta wd-post-entry-meta\">\n\t\t\t\n\t\t\t\n\t\t\t\t\t\t\t<div class=\"wd-post-date wd-style-default\">\n\t\t\t\t\t<time class=\"published\" datetime=\"2022-11-03T10:45:35+00:00\">\n\t\t\t\t\t\t03 nov 2022\t\t\t\t\t<\/time>\n\t\t\t\t<\/div>\n\n\t\t\t\t<div class=\"wd-modified-date\">\n\t\t\t\t\t\t\t<time class=\"updated\" datetime=\"2025-04-03T10:45:53+00:00\">\n\t\t\tapril 3, 2025\t\t<\/time>\n\t\t\t\t\t\t<\/div>\n\t\t\t\t\t<\/div>\n\n\t\t\t\t\t<h3 class=\"wd-post-title wd-entities-title title post-title\">\n\t\t\t\t<a href=\"https:\/\/primer-sajta.in.rs\/poliuretanske-lajsne-za-podove-da-vasi-podovi-zasijaju\/\" rel=\"bookmark\">\n\t\t\t\t\tPoliuretanske lajsne za podove, da va\u0161i podovi zasijaju!\t\t\t\t<\/a>\n\t\t\t<\/h3>\n\t\t\n\t\t\t\t\t<div class=\"wd-post-excerpt\">\n\t\t\t\t\t\t\t\t\tSvetlo je za plafon i zidove, zar ne? Kako to mislite da podovi svetle?\r\n\r\n\r\n\r\n\r\nMalo smo parafrazir...\t\t\t\t\t\t\t<\/div>\n\t\t\n\t\t\t\t\t\t\t\t\t\t<div class=\"wd-post-read-more wd-style-link read-more-section\">\n\t\t\t\t\t\t<a class=\"\" href=\"https:\/\/primer-sajta.in.rs\/poliuretanske-lajsne-za-podove-da-vasi-podovi-zasijaju\/\">Continue reading<\/a>\t\t\t\t\t<\/div>\n\t\t\t\t\t\t\t<\/div>\n\n\t\t\t<\/div>\n\t<\/article>\n\t\t\t\t\t\t\t\t\t\t\t\n<article id=\"post-6542\" class=\"wd-post blog-design-meta-image blog-post-loop blog-style-bg wd-col post-6542 post type-post status-publish format-standard has-post-thumbnail hentry category-blog\">\n\t\t\t<div class=\"wd-post-inner\">\n\t\n\t<div class=\"wd-post-thumb color-scheme-light\">\n\t\t\t\t\t<div class=\"wd-post-img\">\n\t\t\t\t<img width=\"2240\" height=\"800\" src=\"https:\/\/primer-sajta.in.rs\/wp-content\/uploads\/2025\/04\/fasadne_lajsne.webp\" class=\"attachment- size-\" alt=\"Fasadne lajsne\" decoding=\"async\" loading=\"lazy\" srcset=\"https:\/\/primer-sajta.in.rs\/wp-content\/uploads\/2025\/04\/fasadne_lajsne.webp 2240w, https:\/\/primer-sajta.in.rs\/wp-content\/uploads\/2025\/04\/fasadne_lajsne-150x54.webp 150w, https:\/\/primer-sajta.in.rs\/wp-content\/uploads\/2025\/04\/fasadne_lajsne-1200x429.webp 1200w, https:\/\/primer-sajta.in.rs\/wp-content\/uploads\/2025\/04\/fasadne_lajsne-300x107.webp 300w, https:\/\/primer-sajta.in.rs\/wp-content\/uploads\/2025\/04\/fasadne_lajsne-1024x366.webp 1024w, https:\/\/primer-sajta.in.rs\/wp-content\/uploads\/2025\/04\/fasadne_lajsne-768x274.webp 768w, https:\/\/primer-sajta.in.rs\/wp-content\/uploads\/2025\/04\/fasadne_lajsne-1536x549.webp 1536w, https:\/\/primer-sajta.in.rs\/wp-content\/uploads\/2025\/04\/fasadne_lajsne-2048x731.webp 2048w\" sizes=\"auto, (max-width: 2240px) 100vw, 2240px\" \/>\t\t\t<\/div>\n\t\t\n\t\t\t\t<a class=\"wd-post-link wd-fill\" tabindex=\"-1\" href=\"https:\/\/primer-sajta.in.rs\/fasadne-lajsne-filic\/\" rel=\"bookmark\" aria-label=\"Link on post FASADNE LAJSNE &#8211; FILI\u0106\"><\/a>\n\n\t\t\t<\/div>\n\n\t<div class=\"wd-post-content\">\n\t\t<div class=\"wd-post-meta wd-post-entry-meta\">\n\t\t\t\n\t\t\t\n\t\t\t\t\t\t\t<div class=\"wd-post-date wd-style-default\">\n\t\t\t\t\t<time class=\"published\" datetime=\"2022-10-21T10:50:32+00:00\">\n\t\t\t\t\t\t21 okt 2022\t\t\t\t\t<\/time>\n\t\t\t\t<\/div>\n\n\t\t\t\t<div class=\"wd-modified-date\">\n\t\t\t\t\t\t\t<time class=\"updated\" datetime=\"2025-04-03T10:51:13+00:00\">\n\t\t\tapril 3, 2025\t\t<\/time>\n\t\t\t\t\t\t<\/div>\n\t\t\t\t\t<\/div>\n\n\t\t\t\t\t<h3 class=\"wd-post-title wd-entities-title title post-title\">\n\t\t\t\t<a href=\"https:\/\/primer-sajta.in.rs\/fasadne-lajsne-filic\/\" rel=\"bookmark\">\n\t\t\t\t\tFASADNE LAJSNE &#8211; FILI\u0106\t\t\t\t<\/a>\n\t\t\t<\/h3>\n\t\t\n\t\t\t\t\t<div class=\"wd-post-excerpt\">\n\t\t\t\t\t\t\t\t\tFasadne lajsne \u2013 detalji zaslu\u017eni za luksuzan i otmen izgled objekata\r\n\r\n\r\n\r\nFasadne lajsne \u2013 detalj...\t\t\t\t\t\t\t<\/div>\n\t\t\n\t\t\t\t\t\t\t\t\t\t<div class=\"wd-post-read-more wd-style-link read-more-section\">\n\t\t\t\t\t\t<a class=\"\" href=\"https:\/\/primer-sajta.in.rs\/fasadne-lajsne-filic\/\">Continue reading<\/a>\t\t\t\t\t<\/div>\n\t\t\t\t\t\t\t<\/div>\n\n\t\t\t<\/div>\n\t<\/article>\n\t\t\t\t\t\t\t\t\t\t\t\n<article id=\"post-6550\" class=\"wd-post blog-design-meta-image blog-post-loop blog-style-bg wd-col post-6550 post type-post status-publish format-standard has-post-thumbnail hentry category-blog\">\n\t\t\t<div class=\"wd-post-inner\">\n\t\n\t<div class=\"wd-post-thumb color-scheme-light\">\n\t\t\t\t\t<div class=\"wd-post-img\">\n\t\t\t\t<img width=\"2240\" height=\"800\" src=\"https:\/\/primer-sajta.in.rs\/wp-content\/uploads\/2025\/04\/baner_blog_2.webp\" class=\"attachment- size-\" alt=\"Baner blog 2\" decoding=\"async\" loading=\"lazy\" srcset=\"https:\/\/primer-sajta.in.rs\/wp-content\/uploads\/2025\/04\/baner_blog_2.webp 2240w, https:\/\/primer-sajta.in.rs\/wp-content\/uploads\/2025\/04\/baner_blog_2-150x54.webp 150w, https:\/\/primer-sajta.in.rs\/wp-content\/uploads\/2025\/04\/baner_blog_2-1200x429.webp 1200w, https:\/\/primer-sajta.in.rs\/wp-content\/uploads\/2025\/04\/baner_blog_2-300x107.webp 300w, https:\/\/primer-sajta.in.rs\/wp-content\/uploads\/2025\/04\/baner_blog_2-1024x366.webp 1024w, https:\/\/primer-sajta.in.rs\/wp-content\/uploads\/2025\/04\/baner_blog_2-768x274.webp 768w, https:\/\/primer-sajta.in.rs\/wp-content\/uploads\/2025\/04\/baner_blog_2-1536x549.webp 1536w, https:\/\/primer-sajta.in.rs\/wp-content\/uploads\/2025\/04\/baner_blog_2-2048x731.webp 2048w\" sizes=\"auto, (max-width: 2240px) 100vw, 2240px\" \/>\t\t\t<\/div>\n\t\t\n\t\t\t\t<a class=\"wd-post-link wd-fill\" tabindex=\"-1\" href=\"https:\/\/primer-sajta.in.rs\/betonski-stubovi-lepo-dizajnirana-stabilnost\/\" rel=\"bookmark\" aria-label=\"Link on post BETONSKI STUBOVI &#8211; LEPO DIZAJNIRANA STABILNOST\"><\/a>\n\n\t\t\t<\/div>\n\n\t<div class=\"wd-post-content\">\n\t\t<div class=\"wd-post-meta wd-post-entry-meta\">\n\t\t\t\n\t\t\t\n\t\t\t\t\t\t\t<div class=\"wd-post-date wd-style-default\">\n\t\t\t\t\t<time class=\"published\" datetime=\"2022-07-12T10:53:15+00:00\">\n\t\t\t\t\t\t12 jul 2022\t\t\t\t\t<\/time>\n\t\t\t\t<\/div>\n\n\t\t\t\t<div class=\"wd-modified-date\">\n\t\t\t\t\t\t\t<time class=\"updated\" datetime=\"2025-04-03T10:53:31+00:00\">\n\t\t\tapril 3, 2025\t\t<\/time>\n\t\t\t\t\t\t<\/div>\n\t\t\t\t\t<\/div>\n\n\t\t\t\t\t<h3 class=\"wd-post-title wd-entities-title title post-title\">\n\t\t\t\t<a href=\"https:\/\/primer-sajta.in.rs\/betonski-stubovi-lepo-dizajnirana-stabilnost\/\" rel=\"bookmark\">\n\t\t\t\t\tBETONSKI STUBOVI &#8211; LEPO DIZAJNIRANA STABILNOST\t\t\t\t<\/a>\n\t\t\t<\/h3>\n\t\t\n\t\t\t\t\t<div class=\"wd-post-excerpt\">\n\t\t\t\t\t\t\t\t\tBetonski, poliuretanski, stiropor i gipsani stubovi - dekorativni predmeti za ku\u0107u\r\n\r\n\r\n\r\nStubovi - ...\t\t\t\t\t\t\t<\/div>\n\t\t\n\t\t\t\t\t\t\t\t\t\t<div class=\"wd-post-read-more wd-style-link read-more-section\">\n\t\t\t\t\t\t<a class=\"\" href=\"https:\/\/primer-sajta.in.rs\/betonski-stubovi-lepo-dizajnirana-stabilnost\/\">Continue reading<\/a>\t\t\t\t\t<\/div>\n\t\t\t\t\t\t\t<\/div>\n\n\t\t\t<\/div>\n\t<\/article>\n\t\t\t\t\t\n\t\t\t\t\t","status":"have-posts","nextPage":"https:\/\/primer-sajta.in.rs\/author\/admin\/page\/6\/?woo_ajax=1","currentPage":"https:\/\/primer-sajta.in.rs\/author\/admin\/page\/5"}